{"id":2562,"date":"2015-11-12T19:28:11","date_gmt":"2015-11-12T18:28:11","guid":{"rendered":"http:\/\/www.lexentia.eu\/?p=2562"},"modified":"2019-01-03T15:45:41","modified_gmt":"2019-01-03T14:45:41","slug":"la-reforme-de-la-cour-de-justice-de-lunion-europeenne-le-retour-aux-sources","status":"publish","type":"post","link":"https:\/\/www.lexentia.eu\/en\/la-reforme-de-la-cour-de-justice-de-lunion-europeenne-le-retour-aux-sources\/","title":{"rendered":"La R\u00e9forme de la Cour de justice de l\u2019Union europ\u00e9enne : le retour aux sources"},"content":{"rendered":"<p>Le 28 octobre 2015, le Parlement europ\u00e9en a adopt\u00e9 la proposition de la\u00a0Cour de justice de l\u2019Union europ\u00e9enne\u00a0visant \u00e0 r\u00e9former l\u2019architecture juridictionnelle de la Cour, qui pr\u00e9voit une augmentation du nombre des juges du Tribunal et une \u00e9volution de la structure de l\u2019institution avec l\u2019int\u00e9gration du Tribunal de la fonction publique au Tribunal.\u00a0Le 30 octobre suivant, le Conseil l\u2019a \u00e9galement adopt\u00e9e.<\/p>\n<p>La R\u00e9forme se d\u00e9roulera en 3 \u00e9tapes:<\/p>\n<ul>\n<li>Au d\u00e9but de l\u2019ann\u00e9e 2016, 12 nouveaux juges seront nomm\u00e9s au TUE;<\/li>\n<li>En septembre 2016, 7 juges compl\u00e9mentaires entreront en fonction, notamment par l\u2019interm\u00e9diaire de l\u2019int\u00e9gration du TFP au sein du TUE;<\/li>\n<li>Enfin, en septembre 2019, le nombre total de juges devraient atteindre 56.<\/li>\n<\/ul>\n<p>Onze ans seulement apr\u00e8s sa cr\u00e9ation, le TFP, seul tribunal sp\u00e9cialis\u00e9 de l\u2019UE, est condamn\u00e9 \u00e0 dispara\u00eetre et est absorb\u00e9 au sein du TUE.<\/p>\n<p>Cette r\u00e9forme\u00a0\u2013\u00a0qui aura \u00e9t\u00e9 longuement contest\u00e9e, argument\u00e9e, n\u00e9goci\u00e9e, adopt\u00e9e contre l\u2019avis du rapporteur du Parlement europ\u00e9en \u2013\u00a0pr\u00e9judiciera-t-elle le justiciable d\u00e8s lors qu\u2019il perd l\u2019acc\u00e8s \u00e0 une juridiction sp\u00e9cialis\u00e9e dans le contentieux sp\u00e9cifique et toujours plus complexe qu\u2019est et que demeurera le droit de la fonction publique europ\u00e9enne?<\/p>\n<p>Affaire \u00e0 suivre\u2026<\/p>\n<p><strong>Nathalie de MONTIGNY<\/strong><\/p>\n","protected":false},"excerpt":{"rendered":"<p>Le 28 octobre 2015, le Parlement europ\u00e9en a adopt\u00e9 la proposition de la\u00a0Cour de justice de l\u2019Union europ\u00e9enne\u00a0visant \u00e0 r\u00e9former l\u2019architecture juridictionnelle de la Cour, qui pr\u00e9voit une augmentation du nombre des juges du Tribunal et une \u00e9volution de la structure de l\u2019institution avec l\u2019int\u00e9gration du Tribunal de la fonction publique au Tribunal.\u00a0Le 30 octobre [&hellip;]<\/p>\n","protected":false},"author":2,"featured_media":2743,"comment_status":"closed","ping_status":"open","sticky":false,"template":"","format":"standard","meta":{"footnotes":""},"categories":[51],"tags":[],"_links":{"self":[{"href":"https:\/\/www.lexentia.eu\/en\/wp-json\/wp\/v2\/posts\/2562"}],"collection":[{"href":"https:\/\/www.lexentia.eu\/en\/wp-json\/wp\/v2\/posts"}],"about":[{"href":"https:\/\/www.lexentia.eu\/en\/wp-json\/wp\/v2\/types\/post"}],"author":[{"embeddable":true,"href":"https:\/\/www.lexentia.eu\/en\/wp-json\/wp\/v2\/users\/2"}],"replies":[{"embeddable":true,"href":"https:\/\/www.lexentia.eu\/en\/wp-json\/wp\/v2\/comments?post=2562"}],"version-history":[{"count":1,"href":"https:\/\/www.lexentia.eu\/en\/wp-json\/wp\/v2\/posts\/2562\/revisions"}],"predecessor-version":[{"id":2563,"href":"https:\/\/www.lexentia.eu\/en\/wp-json\/wp\/v2\/posts\/2562\/revisions\/2563"}],"wp:featuredmedia":[{"embeddable":true,"href":"https:\/\/www.lexentia.eu\/en\/wp-json\/wp\/v2\/media\/2743"}],"wp:attachment":[{"href":"https:\/\/www.lexentia.eu\/en\/wp-json\/wp\/v2\/media?parent=2562"}],"wp:term":[{"taxonomy":"category","embeddable":true,"href":"https:\/\/www.lexentia.eu\/en\/wp-json\/wp\/v2\/categories?post=2562"},{"taxonomy":"post_tag","embeddable":true,"href":"https:\/\/www.lexentia.eu\/en\/wp-json\/wp\/v2\/tags?post=2562"}],"curies":[{"name":"wp","href":"https:\/\/api.w.org\/{rel}","templated":true}]}}