{"id":2564,"date":"2015-10-26T19:28:56","date_gmt":"2015-10-26T18:28:56","guid":{"rendered":"http:\/\/www.lexentia.eu\/?p=2564"},"modified":"2019-01-03T15:45:41","modified_gmt":"2019-01-03T14:45:41","slug":"la-delivrance-a-letranger-dune-kids-id-destinee-aux-enfants-belges","status":"publish","type":"post","link":"https:\/\/www.lexentia.eu\/en\/la-delivrance-a-letranger-dune-kids-id-destinee-aux-enfants-belges\/","title":{"rendered":"La d\u00e9livrance \u00e0 l\u2019\u00e9tranger d\u2019une Kids-ID destin\u00e9e aux enfants belges"},"content":{"rendered":"<p>L\u2019Arr\u00eat\u00e9 royal du 19 avril 2014 relatif \u00e0 l\u2019octroi de documents d\u2019identit\u00e9 aux enfants de moins de 12 ans a \u00e9t\u00e9 publi\u00e9 au Moniteur belge en date du 1er septembre 2015.<\/p>\n<p>Cet arr\u00eat\u00e9 vise \u00e0 faciliter la d\u00e9livrance, \u00e0 l\u2019\u00e9tranger, de documents d\u2019identit\u00e9 \u00e0 des jeunes enfants belges. Jusqu\u2019alors, seul le passeport pouvait leur \u00eatre d\u00e9livr\u00e9. D\u00e9sormais, la Kids-ID est enfin d\u00e9livr\u00e9e \u00e0 l\u2019\u00e9tranger.<\/p>\n<p>Pour plus d\u2019information sur l\u2019octroi de cette carte, sa validit\u00e9 et la date d\u2019expiration, rendez vous sur le site du\u00a0<a href=\"http:\/\/www.ejustice.just.fgov.be\/cgi\/article_body.pl?numac=2015015108&amp;caller=list&amp;article_lang=F&amp;row_id=201&amp;numero=206&amp;pub_date=2015-09-01&amp;sql=dt+%3D+%27ARRETE+ROYAL%27+and+pd+between+date%272015-09-01%27+and+date%272015-09-30%27+&amp;pdda=2015&amp;pdfm=09&amp;rech=216&amp;language=fr&amp;dt=ARRETE+ROYAL&amp;tri=dd+AS+RANK+&amp;du=d&amp;trier=promulgation&amp;choix1=ET&amp;fr=f&amp;pdfa=2015&amp;choix2=ET&amp;pddj=01&amp;fromtab=+moftxt+UNION+montxt+UNION+modtxt&amp;pddm=09&amp;nl=n&amp;pdfj=30\">Moniteur belge<\/a>\u00a0ou sur le site de la <a href=\"http:\/\/eid.belgium.be\/fr\/en_savoir_plus_sur_l_eid\/les_documents_d_identite_electroniques\/la_kids_id\">Carte d\u2019Identit\u00e9 Electronique<\/a>.<\/p>\n<p><strong>Nathalie de MONTIGNY<\/strong><\/p>\n","protected":false},"excerpt":{"rendered":"<p>L\u2019Arr\u00eat\u00e9 royal du 19 avril 2014 relatif \u00e0 l\u2019octroi de documents d\u2019identit\u00e9 aux enfants de moins de 12 ans a \u00e9t\u00e9 publi\u00e9 au Moniteur belge en date du 1er septembre 2015. Cet arr\u00eat\u00e9 vise \u00e0 faciliter la d\u00e9livrance, \u00e0 l\u2019\u00e9tranger, de documents d\u2019identit\u00e9 \u00e0 des jeunes enfants belges. Jusqu\u2019alors, seul le passeport pouvait leur \u00eatre [&hellip;]<\/p>\n","protected":false},"author":2,"featured_media":2747,"comment_status":"closed","ping_status":"open","sticky":false,"template":"","format":"standard","meta":{"footnotes":""},"categories":[63],"tags":[],"_links":{"self":[{"href":"https:\/\/www.lexentia.eu\/en\/wp-json\/wp\/v2\/posts\/2564"}],"collection":[{"href":"https:\/\/www.lexentia.eu\/en\/wp-json\/wp\/v2\/posts"}],"about":[{"href":"https:\/\/www.lexentia.eu\/en\/wp-json\/wp\/v2\/types\/post"}],"author":[{"embeddable":true,"href":"https:\/\/www.lexentia.eu\/en\/wp-json\/wp\/v2\/users\/2"}],"replies":[{"embeddable":true,"href":"https:\/\/www.lexentia.eu\/en\/wp-json\/wp\/v2\/comments?post=2564"}],"version-history":[{"count":1,"href":"https:\/\/www.lexentia.eu\/en\/wp-json\/wp\/v2\/posts\/2564\/revisions"}],"predecessor-version":[{"id":2565,"href":"https:\/\/www.lexentia.eu\/en\/wp-json\/wp\/v2\/posts\/2564\/revisions\/2565"}],"wp:featuredmedia":[{"embeddable":true,"href":"https:\/\/www.lexentia.eu\/en\/wp-json\/wp\/v2\/media\/2747"}],"wp:attachment":[{"href":"https:\/\/www.lexentia.eu\/en\/wp-json\/wp\/v2\/media?parent=2564"}],"wp:term":[{"taxonomy":"category","embeddable":true,"href":"https:\/\/www.lexentia.eu\/en\/wp-json\/wp\/v2\/categories?post=2564"},{"taxonomy":"post_tag","embeddable":true,"href":"https:\/\/www.lexentia.eu\/en\/wp-json\/wp\/v2\/tags?post=2564"}],"curies":[{"name":"wp","href":"https:\/\/api.w.org\/{rel}","templated":true}]}}