{"id":2566,"date":"2015-09-14T19:29:36","date_gmt":"2015-09-14T17:29:36","guid":{"rendered":"http:\/\/www.lexentia.eu\/?p=2566"},"modified":"2019-01-03T15:45:41","modified_gmt":"2019-01-03T14:45:41","slug":"affaire-f-83-14-le-tfp-rejette-les-griefs-formules-a-lencontre-de-la-procedure-de-promotion-au-sein-de-la-commission-europeenne","status":"publish","type":"post","link":"https:\/\/www.lexentia.eu\/en\/affaire-f-83-14-le-tfp-rejette-les-griefs-formules-a-lencontre-de-la-procedure-de-promotion-au-sein-de-la-commission-europeenne\/","title":{"rendered":"Affaire F-83\/14 : Le TFP rejette les griefs formul\u00e9s \u00e0 l\u2019encontre de la proc\u00e9dure de promotion au sein de la Commission europ\u00e9enne"},"content":{"rendered":"<p>Comme nous vous en informions dans notre pr\u00e9c\u00e9dente actualit\u00e9, le 18 mars et le 3 juin 2015, le Tribunal de la fonction publique\u00a0a accueilli l\u2019argumentation du requ\u00e9rant dans <strong>les affaires F-51\/14 et F-78\/14<\/strong> concernant \u00a0<strong>l\u2019ill\u00e9galit\u00e9 de la\u00a0proc\u00e9dure de promotion au sein du SEAE.<\/strong><\/p>\n<p>Dans le cadre de ces deux affaires, le SEAE avait tent\u00e9, dans un premier temps, de d\u00e9montrer qu\u2019il existait un m\u00e9canisme permettant de pallier aux risques d\u2019h\u00e9t\u00e9rog\u00e9n\u00e9it\u00e9 des \u00e9l\u00e9ments (principalement, voire exclusivement les REC) pris en compte au sein de chaque DG pour \u00e9tablir les listes de promouvables propos\u00e9s \u00e0 la promotion. Dans un second temps toutefois, \u00ab\u00a0<em>interrog\u00e9 lors de l\u2019audience sur l\u2019existence d\u2019une proc\u00e9dure ou d\u2019une m\u00e9thode permettant de pallier le risque d\u2019h\u00e9t\u00e9rog\u00e9n\u00e9it\u00e9 entre les notations des fonctionnaires de ses diff\u00e9rents services, le SEAE a conc\u00e9d\u00e9 ne pas en avoir pr\u00e9vu\u00a0<\/em>\u00bb.<\/p>\n<p>Le TFP a, par cons\u00e9quent, consid\u00e9r\u00e9 que la proc\u00e9dure de promotion au sein du SEAE ne permettait pas de r\u00e9aliser un examen comparatif objectif et \u00e9galitaire des m\u00e9rites de tous les promouvables conforme \u00e0 l\u2019article 45 du statut.<\/p>\n<p><em>A contrario<\/em>, dans <strong>l\u2019affaire F-83\/14<\/strong> ayant men\u00e9 \u00e0 l\u2019arr\u00eat prononc\u00e9 le 22 septembre 2015 visant, cette fois,<strong> la proc\u00e9dure de promotion au sein de la Commission europ\u00e9enne<\/strong>, le TFP a consid\u00e9r\u00e9 que le requ\u00e9rant \u00e9chouait \u00e0 la charge de la preuve et\u00a0que, par contre, la Commission europ\u00e9enne avait apport\u00e9 suffisamment d\u2019\u00e9l\u00e9ments d\u00e9montrant l\u2019existence d\u2019une proc\u00e9dure palliant au risque d\u2019h\u00e9t\u00e9rog\u00e9n\u00e9it\u00e9 des \u00e9valuations r\u00e9alis\u00e9es par chacun des services de la Commission.<\/p>\n<p>En outre,\u00a0le TFP a consid\u00e9r\u00e9 qu\u2019un examen comparatif des m\u00e9rites de tous les promouvables \u00e9tait ensuite r\u00e9alis\u00e9 au sein du Comit\u00e9 paritaire de promotion. Il ne s\u2019est toutefois pas prononc\u00e9 sur l\u2019absence d\u2019examen comparatif des m\u00e9rites de tous les promouvables par l\u2019AIPN estimant que le requ\u00e9rant avait uniquement fond\u00e9 son moyen visant la violation de l\u2019article 45 au stade de l\u2019examen comparatif des m\u00e9rites par le Comit\u00e9.<\/p>\n<p>Le TFP a \u00e9galement bien pris soin de distinguer les syst\u00e8mes d\u2019\u00e9valuation au sein des deux Institutions:\u00a0\u00ab\u00a0<em>Il y a lieu de constater d\u2019embl\u00e9e que le syst\u00e8me d\u2019\u00e9valuation des m\u00e9rites mis en cause par le requ\u00e9rant dans la pr\u00e9sente affaire diff\u00e8re sensiblement de celui en vigueur au Service europ\u00e9en pour l\u2019action ext\u00e9rieure (SEAE) dont le Tribunal a eu \u00e0 conna\u00eetre dans le cadre des affaires ayant donn\u00e9 lieu \u00e0 l\u2019arr\u00eat Ribeiro Sinde Monteiro et \u00e0 l\u2019arr\u00eat du 3 juin 2015, Gross\/SEAE (F\u201178\/14, EU:F:2015:52, faisant l\u2019objet d\u2019un pourvoi devant le Tribunal de l\u2019Union europ\u00e9enne, affaire T\u2011472\/15\u00a0P, ci-apr\u00e8s l\u2019\u00ab\u00a0arr\u00eat Gross\u00a0\u00bb<\/em>)\u00a0\u00bb.<\/p>\n<p>Le requ\u00e9rant dispose d\u2019un d\u00e9lai de deux mois pour \u00e9ventuellement introduire un pourvoi \u00e0 l\u2019encontre de l\u2019arr\u00eat prononc\u00e9.<\/p>\n<p>Affaire \u00e0 suivre\u2026<\/p>\n<p><strong>Nathalie de MONTIGNY<\/strong><\/p>\n","protected":false},"excerpt":{"rendered":"<p>Comme nous vous en informions dans notre pr\u00e9c\u00e9dente actualit\u00e9, le 18 mars et le 3 juin 2015, le Tribunal de la fonction publique\u00a0a accueilli l\u2019argumentation du requ\u00e9rant dans les affaires F-51\/14 et F-78\/14 concernant \u00a0l\u2019ill\u00e9galit\u00e9 de la\u00a0proc\u00e9dure de promotion au sein du SEAE. Dans le cadre de ces deux affaires, le SEAE avait tent\u00e9, dans [&hellip;]<\/p>\n","protected":false},"author":2,"featured_media":2769,"comment_status":"closed","ping_status":"open","sticky":false,"template":"","format":"standard","meta":{"footnotes":""},"categories":[51],"tags":[],"_links":{"self":[{"href":"https:\/\/www.lexentia.eu\/en\/wp-json\/wp\/v2\/posts\/2566"}],"collection":[{"href":"https:\/\/www.lexentia.eu\/en\/wp-json\/wp\/v2\/posts"}],"about":[{"href":"https:\/\/www.lexentia.eu\/en\/wp-json\/wp\/v2\/types\/post"}],"author":[{"embeddable":true,"href":"https:\/\/www.lexentia.eu\/en\/wp-json\/wp\/v2\/users\/2"}],"replies":[{"embeddable":true,"href":"https:\/\/www.lexentia.eu\/en\/wp-json\/wp\/v2\/comments?post=2566"}],"version-history":[{"count":1,"href":"https:\/\/www.lexentia.eu\/en\/wp-json\/wp\/v2\/posts\/2566\/revisions"}],"predecessor-version":[{"id":2567,"href":"https:\/\/www.lexentia.eu\/en\/wp-json\/wp\/v2\/posts\/2566\/revisions\/2567"}],"wp:featuredmedia":[{"embeddable":true,"href":"https:\/\/www.lexentia.eu\/en\/wp-json\/wp\/v2\/media\/2769"}],"wp:attachment":[{"href":"https:\/\/www.lexentia.eu\/en\/wp-json\/wp\/v2\/media?parent=2566"}],"wp:term":[{"taxonomy":"category","embeddable":true,"href":"https:\/\/www.lexentia.eu\/en\/wp-json\/wp\/v2\/categories?post=2566"},{"taxonomy":"post_tag","embeddable":true,"href":"https:\/\/www.lexentia.eu\/en\/wp-json\/wp\/v2\/tags?post=2566"}],"curies":[{"name":"wp","href":"https:\/\/api.w.org\/{rel}","templated":true}]}}