{"id":3413,"date":"2018-12-10T15:05:22","date_gmt":"2018-12-10T14:05:22","guid":{"rendered":"http:\/\/www.lexentia.eu\/?p=3413"},"modified":"2019-01-03T15:45:41","modified_gmt":"2019-01-03T14:45:41","slug":"les-effets-limites-dun-arret-de-la-cour-de-justice","status":"publish","type":"post","link":"https:\/\/www.lexentia.eu\/en\/les-effets-limites-dun-arret-de-la-cour-de-justice\/","title":{"rendered":"Les effets limit\u00e9s d\u2019un arr\u00eat de la Cour de Justice"},"content":{"rendered":"<p>Nombreux sont les fonctionnaires ou agents qui, ayant appris le prononc\u00e9 d\u2019un arr\u00eat favorable \u00e0 Luxembourg, s\u2019empressent de solliciter de leur administration le b\u00e9n\u00e9fice de la mise en \u0153uvre de cet arr\u00eat. Derni\u00e8rement, l\u2019arr\u00eat Tuerck \/ Commission en mati\u00e8re de droit \u00e0 pension, ou encore la saga des indemnit\u00e9s de conditions de vie ont fait na\u00eetre chez eux le sentiment d\u2019\u00eatre en droit de solliciter un nouveau calcul de leurs droits \u00e0 pension ou encore l\u2019annulation des pourcentages modifi\u00e9s d\u2019indemnit\u00e9 conditions de vie alors qu\u2019ils avaient \u00e9t\u00e9 \u00e9tablis sur la base de Guidelines ill\u00e9gales au sens du statut.<\/p>\n<p>Pourtant, au risque de faire na\u00eetre un sentiment d\u2019injustice dans leur chef, ces arr\u00eats n\u2019auront aucune cons\u00e9quence sur les droits individuels des fonctionnaires ou agents qui n\u2019ont pas contest\u00e9 la mesure individuelle prise \u00e0 leur \u00e9gard dans le d\u00e9lai l\u00e9gal, en application de l\u2019article 90\u00a72 du statut.<\/p>\n<p>Aussi, je vous rappelle que la meilleure mani\u00e8re d\u2019agir afin de pr\u00e9server vos droits et int\u00e9r\u00eats est de consulter un sp\u00e9cialiste tr\u00e8s rapidement apr\u00e8s r\u00e9ception de l\u2019acte pouvant potentiellement vous faire grief, et de discuter ensemble de l\u2019int\u00e9r\u00eat et de l\u2019opportunit\u00e9 d\u2019introduire une r\u00e9clamation et ensuite un recours. Vous serez ainsi en mesure de prendre une d\u00e9cision en toute conscience.<\/p>\n","protected":false},"excerpt":{"rendered":"<p>Nombreux sont les fonctionnaires ou agents qui, ayant appris le prononc\u00e9 d\u2019un arr\u00eat favorable \u00e0 Luxembourg, s\u2019empressent de solliciter de leur administration le b\u00e9n\u00e9fice de la mise en \u0153uvre de cet arr\u00eat. Derni\u00e8rement, l\u2019arr\u00eat Tuerck \/ Commission en mati\u00e8re de droit \u00e0 pension, ou encore la saga des indemnit\u00e9s de conditions de vie ont fait [&hellip;]<\/p>\n","protected":false},"author":2,"featured_media":2755,"comment_status":"closed","ping_status":"open","sticky":false,"template":"","format":"standard","meta":{"footnotes":""},"categories":[51],"tags":[],"_links":{"self":[{"href":"https:\/\/www.lexentia.eu\/en\/wp-json\/wp\/v2\/posts\/3413"}],"collection":[{"href":"https:\/\/www.lexentia.eu\/en\/wp-json\/wp\/v2\/posts"}],"about":[{"href":"https:\/\/www.lexentia.eu\/en\/wp-json\/wp\/v2\/types\/post"}],"author":[{"embeddable":true,"href":"https:\/\/www.lexentia.eu\/en\/wp-json\/wp\/v2\/users\/2"}],"replies":[{"embeddable":true,"href":"https:\/\/www.lexentia.eu\/en\/wp-json\/wp\/v2\/comments?post=3413"}],"version-history":[{"count":4,"href":"https:\/\/www.lexentia.eu\/en\/wp-json\/wp\/v2\/posts\/3413\/revisions"}],"predecessor-version":[{"id":3421,"href":"https:\/\/www.lexentia.eu\/en\/wp-json\/wp\/v2\/posts\/3413\/revisions\/3421"}],"wp:featuredmedia":[{"embeddable":true,"href":"https:\/\/www.lexentia.eu\/en\/wp-json\/wp\/v2\/media\/2755"}],"wp:attachment":[{"href":"https:\/\/www.lexentia.eu\/en\/wp-json\/wp\/v2\/media?parent=3413"}],"wp:term":[{"taxonomy":"category","embeddable":true,"href":"https:\/\/www.lexentia.eu\/en\/wp-json\/wp\/v2\/categories?post=3413"},{"taxonomy":"post_tag","embeddable":true,"href":"https:\/\/www.lexentia.eu\/en\/wp-json\/wp\/v2\/tags?post=3413"}],"curies":[{"name":"wp","href":"https:\/\/api.w.org\/{rel}","templated":true}]}}