{"id":3422,"date":"2018-12-13T11:04:55","date_gmt":"2018-12-13T10:04:55","guid":{"rendered":"http:\/\/www.lexentia.eu\/?p=3422"},"modified":"2019-01-03T15:45:40","modified_gmt":"2019-01-03T14:45:40","slug":"lexentia-recrute-un-collaborateur","status":"publish","type":"post","link":"https:\/\/www.lexentia.eu\/en\/lexentia-recrute-un-collaborateur\/","title":{"rendered":"Lexentia recrute un collaborateur"},"content":{"rendered":"<p>Lexentia recrute un stagiaire ayant 1 ou 2 ans d\u2019exp\u00e9rience pour son d\u00e9partement droit priv\u00e9 ayant le sens de l&#8217;autonomie tout en \u00e9tant capable de travailler en \u00e9quipe. Il(elle) sera associ\u00e9(e) au traitement des dossiers de droit \u00e9conomique au sens large (commercial, soci\u00e9t\u00e9, contrats, &#8230;) depuis la rencontre du client aux plaidoiries, en se chargeant du suivi et de la gestion de chaque \u00e9tape des dossiers.<\/p>\n<p>Le candidat doit faire preuve\u00a0:<\/p>\n<ul type=\"disc\">\n<li class=\"x_MsoNormal\">d\u2019une ouverture d\u2019esprit ;<\/li>\n<li class=\"x_MsoNormal\">d\u2019une volont\u00e9 d\u2019apprendre\u00a0;<\/li>\n<li class=\"x_MsoNormal\">d\u2019une aisance en communication\u00a0;<\/li>\n<li class=\"x_MsoNormal\">d\u2019un esprit d\u2019initiative\u00a0;<\/li>\n<li>de fiabilit\u00e9 ;<\/li>\n<li class=\"x_MsoNormal\">d\u2019une tr\u00e8s bonne connaissance active de l\u2019anglais.<\/li>\n<\/ul>\n<p>&nbsp;<\/p>\n<p>Constituent \u00e9galement des atouts :<\/p>\n<ul type=\"disc\">\n<li class=\"x_MsoNormal\">Une connaissance active du n\u00e9erlandais\u00a0;<\/li>\n<li class=\"x_MsoNormal\">Une attirance pour le droit de la fonction publique europ\u00e9enne.<\/li>\n<\/ul>\n<p>&nbsp;<\/p>\n<p>Lexentia offre \u00e0 ses collaborateurs un cadre propice \u00e0 l\u2019apprentissage ainsi qu\u2019au d\u00e9veloppement professionnel et personnel, dans un environnement humain et familial et ce, \u00e0 des conditions financi\u00e8res attractives li\u00e9es au profil du collaborateur.<\/p>\n<p>Votre curriculum vitae accompagn\u00e9 d\u2019une lettre de motivation succincte peuvent \u00eatre envoy\u00e9s \u00e0 l\u2019attention de Ma\u00eetre Nathalie de Montigny (nathalie.demontigny@lexentia.eu).<\/p>\n<p>Nous assurerons la confidentialit\u00e9 de votre candidature.<\/p>\n","protected":false},"excerpt":{"rendered":"<p>Lexentia recrute un stagiaire ayant 1 ou 2 ans d\u2019exp\u00e9rience pour son d\u00e9partement droit priv\u00e9 ayant le sens de l&#8217;autonomie tout en \u00e9tant capable de travailler en \u00e9quipe. Il(elle) sera associ\u00e9(e) au traitement des dossiers de droit \u00e9conomique au sens large (commercial, soci\u00e9t\u00e9, contrats, &#8230;) depuis la rencontre du client aux plaidoiries, en se chargeant [&hellip;]<\/p>\n","protected":false},"author":2,"featured_media":2747,"comment_status":"closed","ping_status":"open","sticky":false,"template":"","format":"standard","meta":{"footnotes":""},"categories":[1],"tags":[],"_links":{"self":[{"href":"https:\/\/www.lexentia.eu\/en\/wp-json\/wp\/v2\/posts\/3422"}],"collection":[{"href":"https:\/\/www.lexentia.eu\/en\/wp-json\/wp\/v2\/posts"}],"about":[{"href":"https:\/\/www.lexentia.eu\/en\/wp-json\/wp\/v2\/types\/post"}],"author":[{"embeddable":true,"href":"https:\/\/www.lexentia.eu\/en\/wp-json\/wp\/v2\/users\/2"}],"replies":[{"embeddable":true,"href":"https:\/\/www.lexentia.eu\/en\/wp-json\/wp\/v2\/comments?post=3422"}],"version-history":[{"count":5,"href":"https:\/\/www.lexentia.eu\/en\/wp-json\/wp\/v2\/posts\/3422\/revisions"}],"predecessor-version":[{"id":3427,"href":"https:\/\/www.lexentia.eu\/en\/wp-json\/wp\/v2\/posts\/3422\/revisions\/3427"}],"wp:featuredmedia":[{"embeddable":true,"href":"https:\/\/www.lexentia.eu\/en\/wp-json\/wp\/v2\/media\/2747"}],"wp:attachment":[{"href":"https:\/\/www.lexentia.eu\/en\/wp-json\/wp\/v2\/media?parent=3422"}],"wp:term":[{"taxonomy":"category","embeddable":true,"href":"https:\/\/www.lexentia.eu\/en\/wp-json\/wp\/v2\/categories?post=3422"},{"taxonomy":"post_tag","embeddable":true,"href":"https:\/\/www.lexentia.eu\/en\/wp-json\/wp\/v2\/tags?post=3422"}],"curies":[{"name":"wp","href":"https:\/\/api.w.org\/{rel}","templated":true}]}}