{"id":3499,"date":"2019-09-30T15:59:27","date_gmt":"2019-09-30T13:59:27","guid":{"rendered":"http:\/\/www.lexentia.eu\/?p=3499"},"modified":"2019-09-30T16:00:31","modified_gmt":"2019-09-30T14:00:31","slug":"la-charte-des-droits-fondamentaux-source-de-renouveau-constitutionnel-europeen","status":"publish","type":"post","link":"https:\/\/www.lexentia.eu\/en\/la-charte-des-droits-fondamentaux-source-de-renouveau-constitutionnel-europeen\/","title":{"rendered":"La Charte des droits fondamentaux, source de renouveau constitutionnel europ\u00e9en?"},"content":{"rendered":"<p>Me de Montigny a eu la chance de participer au Colloque du Carrefour annuel de droit europ\u00e9en qui s&#8217;est d\u00e9roul\u00e9 le vendredi 27 septembre dernier \u00e0 l&#8217;Assembl\u00e9e nationale de France et qui portait cette ann\u00e9e sur la Charte europ\u00e9enne des droits fondamentaux. Celle-ci a \u00e9t\u00e9 examin\u00e9e sous toutes les coutures par un panel d&#8217;orateurs autant passionn\u00e9s que passionnants.<\/p>\n","protected":false},"excerpt":{"rendered":"<p>Me de Montigny a eu la chance de participer au Colloque du Carrefour annuel de droit europ\u00e9en qui s&#8217;est d\u00e9roul\u00e9 le vendredi 27 septembre dernier \u00e0 l&#8217;Assembl\u00e9e nationale de France et qui portait cette ann\u00e9e sur la Charte europ\u00e9enne des droits fondamentaux. Celle-ci a \u00e9t\u00e9 examin\u00e9e sous toutes les coutures par un panel d&#8217;orateurs autant [&hellip;]<\/p>\n","protected":false},"author":2,"featured_media":3500,"comment_status":"closed","ping_status":"closed","sticky":false,"template":"","format":"standard","meta":{"footnotes":""},"categories":[51],"tags":[],"_links":{"self":[{"href":"https:\/\/www.lexentia.eu\/en\/wp-json\/wp\/v2\/posts\/3499"}],"collection":[{"href":"https:\/\/www.lexentia.eu\/en\/wp-json\/wp\/v2\/posts"}],"about":[{"href":"https:\/\/www.lexentia.eu\/en\/wp-json\/wp\/v2\/types\/post"}],"author":[{"embeddable":true,"href":"https:\/\/www.lexentia.eu\/en\/wp-json\/wp\/v2\/users\/2"}],"replies":[{"embeddable":true,"href":"https:\/\/www.lexentia.eu\/en\/wp-json\/wp\/v2\/comments?post=3499"}],"version-history":[{"count":1,"href":"https:\/\/www.lexentia.eu\/en\/wp-json\/wp\/v2\/posts\/3499\/revisions"}],"predecessor-version":[{"id":3502,"href":"https:\/\/www.lexentia.eu\/en\/wp-json\/wp\/v2\/posts\/3499\/revisions\/3502"}],"wp:featuredmedia":[{"embeddable":true,"href":"https:\/\/www.lexentia.eu\/en\/wp-json\/wp\/v2\/media\/3500"}],"wp:attachment":[{"href":"https:\/\/www.lexentia.eu\/en\/wp-json\/wp\/v2\/media?parent=3499"}],"wp:term":[{"taxonomy":"category","embeddable":true,"href":"https:\/\/www.lexentia.eu\/en\/wp-json\/wp\/v2\/categories?post=3499"},{"taxonomy":"post_tag","embeddable":true,"href":"https:\/\/www.lexentia.eu\/en\/wp-json\/wp\/v2\/tags?post=3499"}],"curies":[{"name":"wp","href":"https:\/\/api.w.org\/{rel}","templated":true}]}}