{"id":3518,"date":"2019-12-03T22:26:34","date_gmt":"2019-12-03T21:26:34","guid":{"rendered":"http:\/\/www.lexentia.eu\/?p=3518"},"modified":"2019-12-03T22:32:26","modified_gmt":"2019-12-03T21:32:26","slug":"lassurance-protection-juridique-revisitee","status":"publish","type":"post","link":"https:\/\/www.lexentia.eu\/en\/lassurance-protection-juridique-revisitee\/","title":{"rendered":"L\u2019assurance protection juridique revisit\u00e9e"},"content":{"rendered":"<p><span style=\"display: inline !important; float: none; background-color: #ffffff; color: #333333; cursor: text; font-family: Georgia,'Times New Roman','Bitstream Charter',Times,serif; font-size: 16px; font-style: normal; font-variant: normal; font-weight: 400; letter-spacing: normal; orphans: 2; text-align: left; text-decoration: none; text-indent: 0px; text-transform: none; -webkit-text-stroke-width: 0px; white-space: normal; word-spacing: 0px;\">Malgr\u00e9 l\u2019am\u00e9lioration des conditions d\u2019acc\u00e8s de l\u2019aide juridique et l\u2019existence d\u2019une exon\u00e9ration fiscale, force est de constater que le nombre de contrats d\u2019assurances protection juridique n\u2019a pas augment\u00e9.<\/span><\/p>\n<p><strong><em><span style=\"color: #5f4b8b;\">Rendre la justice plus accessible encore<\/span><\/em><\/strong>, c\u2019est l\u2019objectif que s\u2019est fix\u00e9 le l\u00e9gislateur par l&#8217;adoption d&#8217;une nouvelle loi, le 22 avril 2019, et entr\u00e9e en vigueur le 1er septembre dernier.<\/p>\n<p><strong><span style=\"color: #488587;\">Son but\u00a0?<\/span><\/strong> Augmenter les souscriptions de couvertures d\u2019assurance en offrant la possibilit\u00e9 aux contribuables de b\u00e9n\u00e9ficier d\u2019une nouvelle r\u00e9duction fiscale (\u00e0 concurrence de 40% des primes pay\u00e9es sans toutefois que cette somme ne puisse d\u00e9passer 195,00 EUR par p\u00e9riode imposable) en \u00e9non\u00e7ant les conditions auxquelles le contrat d\u2019assurance protection juridique devra r\u00e9pondre pour que l\u2019assur\u00e9 puisse b\u00e9n\u00e9ficier de cet avantage fiscal.<\/p>\n<p><span style=\"color: #488587;\"><strong>Quand\u00a0?<\/strong> <\/span>La d\u00e9ductibilit\u00e9 fiscale s\u2019op\u00e9rera \u00e0 partir de l\u2019exercice d\u2019imposition 2020, pour toutes primes vers\u00e9es sur la p\u00e9riode de d\u00e9claration vis\u00e9e.<\/p>\n<p><strong><span style=\"color: #488587;\">Qui\u00a0?<\/span><\/strong> Sont assur\u00e9s non seulement le preneur d\u2019assurance mais \u00e9galement toutes les personnes vivant dans le foyer de l\u2019assur\u00e9 (entendue comme participant \u00e0 la vie de famille et domicili\u00e9e \u00e0 la m\u00eame adresse).<\/p>\n<p><span style=\"color: #488587;\"><strong>Quels litiges ?<\/strong> <\/span>Tout contentieux de la vie priv\u00e9e ou professionnelle de l&#8217;assur\u00e9 (avec un minimum pr\u00e9vu par la loi), qui est de la comp\u00e9tence d&#8217;une juridiction nationale (avec possibilit\u00e9 de couverture pour des litiges soumis \u00e0 des juridictions des pays limitrophes sauf lorsqu&#8217;ils sont li\u00e9s \u00e0 un contentieux qui pr\u00e9sente des liens exclusifs avec ce pays) et possible \u00e9ligibilit\u00e9 fix\u00e9e en fonction de l&#8217;enjeu financier du litige pour toute demande \u00e9valuable en argent.<\/p>\n<p><span style=\"color: #488587;\"><strong>A partir de quand\u00a0?<\/strong> <\/span>En principe imm\u00e9diatement, sauf d\u00e9lai d\u2019attente maximal express\u00e9ment pr\u00e9vu par le l\u00e9gislateur dans certaines mati\u00e8res.<\/p>\n<p><span style=\"color: #488587;\"><strong>Quelles d\u00e9penses\u00a0?<\/strong> <\/span>Les frais et honoraires des avocats, huissiers, experts, traducteurs et autres acteurs pouvant intervenir dans le cadre d\u2019un litige.<\/p>\n<p><span style=\"color: #488587;\"><strong>Quel montant\u00a0?<\/strong> <\/span>La garantie doit \u00eatre, en mati\u00e8re civile, de minimum 13.000 EUR, avec exceptions et 13.500 EUR en mati\u00e8re p\u00e9nale.<\/p>\n<p><span style=\"color: #488587;\"><strong>Une franchise\u00a0?<\/strong><\/span> En cas d\u2019imposition par l\u2019assureur du paiement d\u2019une franchise, celle-ci ne pourra \u00eatre sup\u00e9rieure \u00e0 250,00 EUR et ne peut \u00eatre exig\u00e9e si les modes alternatifs de r\u00e8glement des conflits ont \u00e9t\u00e9 tent\u00e9s par l&#8217;assur\u00e9.<\/p>\n<p><span style=\"color: #488587;\"><strong>Quel avocat\u00a0?<\/strong><\/span> L\u2019assur\u00e9 aura le choix de sa d\u00e9fense, en application du principe de libert\u00e9 de choix de conseil.<\/p>\n","protected":false},"excerpt":{"rendered":"<p>Malgr\u00e9 l\u2019am\u00e9lioration des conditions d\u2019acc\u00e8s de l\u2019aide juridique et l\u2019existence d\u2019une exon\u00e9ration fiscale, force est de constater que le nombre de contrats d\u2019assurances protection juridique n\u2019a pas augment\u00e9. Rendre la justice plus accessible encore, c\u2019est l\u2019objectif que s\u2019est fix\u00e9 le l\u00e9gislateur par l&#8217;adoption d&#8217;une nouvelle loi, le 22 avril 2019, et entr\u00e9e en vigueur le [&hellip;]<\/p>\n","protected":false},"author":2,"featured_media":2504,"comment_status":"closed","ping_status":"closed","sticky":false,"template":"","format":"standard","meta":{"footnotes":""},"categories":[63,53,49],"tags":[],"_links":{"self":[{"href":"https:\/\/www.lexentia.eu\/en\/wp-json\/wp\/v2\/posts\/3518"}],"collection":[{"href":"https:\/\/www.lexentia.eu\/en\/wp-json\/wp\/v2\/posts"}],"about":[{"href":"https:\/\/www.lexentia.eu\/en\/wp-json\/wp\/v2\/types\/post"}],"author":[{"embeddable":true,"href":"https:\/\/www.lexentia.eu\/en\/wp-json\/wp\/v2\/users\/2"}],"replies":[{"embeddable":true,"href":"https:\/\/www.lexentia.eu\/en\/wp-json\/wp\/v2\/comments?post=3518"}],"version-history":[{"count":7,"href":"https:\/\/www.lexentia.eu\/en\/wp-json\/wp\/v2\/posts\/3518\/revisions"}],"predecessor-version":[{"id":3525,"href":"https:\/\/www.lexentia.eu\/en\/wp-json\/wp\/v2\/posts\/3518\/revisions\/3525"}],"wp:featuredmedia":[{"embeddable":true,"href":"https:\/\/www.lexentia.eu\/en\/wp-json\/wp\/v2\/media\/2504"}],"wp:attachment":[{"href":"https:\/\/www.lexentia.eu\/en\/wp-json\/wp\/v2\/media?parent=3518"}],"wp:term":[{"taxonomy":"category","embeddable":true,"href":"https:\/\/www.lexentia.eu\/en\/wp-json\/wp\/v2\/categories?post=3518"},{"taxonomy":"post_tag","embeddable":true,"href":"https:\/\/www.lexentia.eu\/en\/wp-json\/wp\/v2\/tags?post=3518"}],"curies":[{"name":"wp","href":"https:\/\/api.w.org\/{rel}","templated":true}]}}